{"id":167,"date":"2023-08-05T17:21:21","date_gmt":"2023-08-05T15:21:21","guid":{"rendered":"https:\/\/csalesianosgdl.mx\/web\/revolucion\/?p=167"},"modified":"2023-08-05T17:29:58","modified_gmt":"2023-08-05T15:29:58","slug":"aguinaldo-2024","status":"publish","type":"post","link":"https:\/\/csalesianosgdl.mx\/web\/revolucion\/2023\/08\/05\/aguinaldo-2024\/","title":{"rendered":"Aguinaldo 2024"},"content":{"rendered":"<div class=\"wp-block-image is-style-default\">\n<figure class=\"aligncenter size-full\"><img loading=\"lazy\" decoding=\"async\" width=\"916\" height=\"600\" src=\"https:\/\/csalesianosgdl.mx\/web\/revolucion\/wp-content\/uploads\/sites\/4\/2023\/08\/Web-Image-Aguinaldo.jpg\" alt=\"\" class=\"wp-image-165\" srcset=\"https:\/\/csalesianosgdl.mx\/web\/revolucion\/wp-content\/uploads\/sites\/4\/2023\/08\/Web-Image-Aguinaldo.jpg 916w, https:\/\/csalesianosgdl.mx\/web\/revolucion\/wp-content\/uploads\/sites\/4\/2023\/08\/Web-Image-Aguinaldo-300x197.jpg 300w, https:\/\/csalesianosgdl.mx\/web\/revolucion\/wp-content\/uploads\/sites\/4\/2023\/08\/Web-Image-Aguinaldo-768x503.jpg 768w\" sizes=\"auto, (max-width: 916px) 100vw, 916px\" \/><\/figure>\n<\/div>\n\n\n<p class=\"wp-block-paragraph\"><strong>Un&nbsp;coraz\u00f3n&nbsp;que&nbsp;transforma&nbsp;los&nbsp;\u2018lobos\u2019&nbsp;en&nbsp;\u2018corderos\u2019<\/strong><\/p>\n\n\n\n<p class=\"wp-block-paragraph\">Se cumplen, en este a\u00f1o 2024, los 200 a\u00f1os del momento en el que Juanito&nbsp;Bosco,&nbsp;nuestro&nbsp;Don&nbsp;Bosco,&nbsp;tuvo&nbsp;elsue\u00f1o&nbsp;conocido&nbsp;de&nbsp;modo&nbsp;muy&nbsp;familiar&nbsp;en&nbsp;toda&nbsp;la&nbsp;Familia&nbsp;Salesiana del&nbsp;mundo&nbsp;como&nbsp;<em>el sue\u00f1o de los nueve a\u00f1os.&nbsp;<\/em>Y me parece que&nbsp;esta efem\u00e9ride de los 200 a\u00f1os de un sue\u00f1o que \u00abcondicion\u00f3, en todo, el modo de&nbsp;vivir y de pensar deDon Bosco. Y, en particular, el modo de sentir la presencia de&nbsp;Dios&nbsp;en&nbsp;la&nbsp;vida&nbsp;de&nbsp;cada&nbsp;uno&nbsp;y&nbsp;en&nbsp;la&nbsp;historia&nbsp;delmundo\u00bb1<a href=\"applewebdata:\/\/2EC5F4C8-595B-4CBD-9FF9-51D194470608#_edn1\"><sup>[I]<\/sup><\/a>,&nbsp;merece&nbsp;ser&nbsp;el&nbsp;argumento&nbsp;central&nbsp;del&nbsp;Aguinaldo&nbsp;de&nbsp;este&nbsp;a\u00f1o,&nbsp;y&nbsp;el&nbsp;tema&nbsp;que,&nbsp;en&nbsp;toda&nbsp;la&nbsp;FamiliaSalesiana,&nbsp;va&nbsp;a&nbsp;orientar&nbsp;tanto&nbsp;el&nbsp;a\u00f1o pastoral, como tant\u00edsimas intervenciones educativas y&nbsp;tantas&nbsp;&nbsp;&nbsp;acciones sociales y evangelizadoras en cualquier parte del mundo salesiano&nbsp;de&nbsp;esta&nbsp;gran&nbsp;familia&nbsp;que&nbsp;el&nbsp;Esp\u00edritu&nbsp;ha&nbsp;inspirado&nbsp;a&nbsp;nuestropadre.<\/p>\n\n\n\n<p class=\"wp-block-paragraph\">Como todos los a\u00f1os, por estas fechas, lo que ofrezco es solamente una&nbsp;pincelada,&nbsp;un&nbsp;primer&nbsp;borrador&nbsp;de&nbsp;lo&nbsp;queser\u00e1&nbsp;la&nbsp;orientaci\u00f3n&nbsp;que&nbsp;tendr\u00e1&nbsp;la&nbsp;redacci\u00f3n&nbsp;del Aguinaldo que se presentar\u00e1 a final de a\u00f1o. Debo hacerlo en estos d\u00edas ya que&nbsp;en&nbsp;el&nbsp;hemisferio&nbsp;norte&nbsp;el&nbsp;a\u00f1o&nbsp;acad\u00e9mico-educativo&nbsp;y&nbsp;pastoral&nbsp;comienza&nbsp;a&nbsp;partir&nbsp;del&nbsp;pr\u00f3ximo&nbsp;mes&nbsp;de&nbsp;septiembre,&nbsp;yconocer&nbsp;la&nbsp;orientaci\u00f3n&nbsp;que&nbsp;tendr\u00e1&nbsp;el&nbsp;Aguinaldo&nbsp;sin&nbsp;duda ayudar\u00e1 a m\u00e1s de uno. Ya desde ahora agradezco al grupo de hermanos que&nbsp;me&nbsp;han&nbsp;ayudado&nbsp;a&nbsp;pensar&nbsp;tanto&nbsp;el&nbsp;lema&nbsp;como&nbsp;la&nbsp;orientaci\u00f3n&nbsp;posible&nbsp;de&nbsp;esta&nbsp;reflexi\u00f3n.&nbsp;Tambi\u00e9n&nbsp;agradezco,como&nbsp;cada&nbsp;a\u00f1o,&nbsp;la&nbsp;aportaci\u00f3n&nbsp;que&nbsp;recibo&nbsp;de&nbsp;la&nbsp;Consulta Mundial de la Familia Salesiana, celebrada en Valdocco en torno a la&nbsp;fiesta&nbsp;de&nbsp;Mar\u00eda&nbsp;Auxiliadora,&nbsp;y&nbsp;donde&nbsp;hemos&nbsp;coincidido&nbsp;plenamente&nbsp;en&nbsp;la&nbsp;oportunidad&nbsp;de&nbsp;este&nbsp;tema,&nbsp;a&nbsp;los&nbsp;200a\u00f1os&nbsp;del&nbsp;sue\u00f1o&nbsp;de&nbsp;los&nbsp;nueve&nbsp;a\u00f1os.<\/p>\n\n\n\n<h2 class=\"wp-block-heading\">1.-&nbsp;Y&nbsp;ACONTECI\u00d3&nbsp;UN&nbsp;SUE\u00d1O\u2026&nbsp;MUY&nbsp;ESPECIAL<\/h2>\n\n\n\n<p class=\"wp-block-paragraph\">As\u00ed es, hace 200 a\u00f1os Juanito Bosco tuvo un sue\u00f1o que lo \u00abmarcar\u00eda\u00bb por toda la&nbsp;vida, es decir, un sue\u00f1o que dejar\u00eda en \u00e9l un signo indeleble, hasta el punto de&nbsp;entender&nbsp;\u00a1solamente&nbsp;al&nbsp;final&nbsp;de&nbsp;su&nbsp;vida!,&nbsp;todo&nbsp;lo&nbsp;que&nbsp;aquel&nbsp;sue\u00f1o&nbsp;signific\u00f3.<\/p>\n\n\n\n<p class=\"wp-block-paragraph\">Son&nbsp;varias&nbsp;las&nbsp;narraciones&nbsp;que&nbsp;encontramos&nbsp;en&nbsp;la&nbsp;vida de Don Bosco sobre el&nbsp;sue\u00f1o.&nbsp;Yo&nbsp;voy&nbsp;a&nbsp;hacer&nbsp;referencia&nbsp;a&nbsp;unamuy&nbsp;significativa,&nbsp;y&nbsp;varios&nbsp;de&nbsp;los&nbsp;hermanos&nbsp;y&nbsp;hermanas&nbsp;expertos&nbsp;en&nbsp;salesianidad&nbsp;la&nbsp;valoran&nbsp;&nbsp;de&nbsp;&nbsp;modo&nbsp;&nbsp;muy&nbsp;&nbsp;particular&nbsp;ya&nbsp;&nbsp;que&nbsp;don&nbsp;Bosco&nbsp;narra&nbsp;el&nbsp;sue\u00f1o&nbsp;de&nbsp;modo&nbsp;particular&nbsp;a&nbsp;don&nbsp;Barberis,&nbsp;pero&nbsp;en&nbsp;el&nbsp;a\u00f1o&nbsp;1875&nbsp;(el&nbsp;2&nbsp;de&nbsp;febrero),&nbsp;cuandocontaba&nbsp;ya&nbsp;con&nbsp;60&nbsp;a\u00f1os,&nbsp;cuando&nbsp;hab\u00eda&nbsp;visto&nbsp;nacer&nbsp;la&nbsp;Congregaci\u00f3n&nbsp;Salesiana&nbsp;(<strong>18&nbsp;de&nbsp;diciembre&nbsp;de&nbsp;1859<\/strong>),&nbsp;laArchicofrad\u00eda&nbsp;de&nbsp;Mar\u00eda&nbsp;Auxiliadora (<strong>18&nbsp;de&nbsp;abril&nbsp;de 1869<\/strong>), el Instituto de las Hijas de Mar\u00eda Auxiliadora (<strong>5&nbsp;de&nbsp;agostode&nbsp;1872)<\/strong>,&nbsp;y&nbsp;estar\u00eda&nbsp;por&nbsp;ver&nbsp;la&nbsp;luz&nbsp;la&nbsp;P\u00eda&nbsp;Sociedad&nbsp;de&nbsp;Cooperadores&nbsp;Salesianos -seg\u00fan el nombre original dado por&nbsp;Don Bosco-, aprobada el&nbsp;<strong>9&nbsp;&nbsp;de&nbsp;&nbsp;mayo&nbsp;de&nbsp;1876.<\/strong><strong><\/strong><\/p>\n\n\n\n<p class=\"wp-block-paragraph\">El&nbsp;sue\u00f1o,&nbsp;con&nbsp;su&nbsp;contexto&nbsp;narrativo,&nbsp;viene&nbsp;descrito&nbsp;de&nbsp;este&nbsp;modo:<\/p>\n\n\n\n<p class=\"wp-block-paragraph\">\u00abSue\u00f1os&nbsp;singulares&nbsp;vinieron&nbsp;a&nbsp;alentar&nbsp;a&nbsp;don&nbsp;Bosco;&nbsp;le&nbsp;duraban&nbsp;toda&nbsp;la&nbsp;noche,&nbsp;como&nbsp;\u00e9l&nbsp;mismo&nbsp;refiri\u00f3&nbsp;por&nbsp;primera&nbsp;y\u00faltima&nbsp;vez,&nbsp;a&nbsp;don&nbsp;Julio&nbsp;Barberis&nbsp;y&nbsp;a&nbsp;quien&nbsp;escribe&nbsp;estas p\u00e1ginas, el 2 de febrero de 1875. Hab\u00eda en estas misteriosas apariciones una&nbsp;mara\u00f1a&nbsp;de&nbsp;cuadros&nbsp;que&nbsp;se&nbsp;repet\u00edan&nbsp;con&nbsp;variantes&nbsp;y&nbsp;cosas&nbsp;nuevas,&nbsp;pero&nbsp;siempre&nbsp;reproduciendo&nbsp;lossue\u00f1os&nbsp;precedentes,&nbsp;y,&nbsp;a&nbsp;la&nbsp;vez,&nbsp;con&nbsp;otros&nbsp;aspectos&nbsp;simult\u00e1neos&nbsp;y&nbsp;maravillosos&nbsp;que&nbsp;converg\u00edan&nbsp;en&nbsp;un&nbsp;solo&nbsp;punto:&nbsp;elporvenir&nbsp;del&nbsp;Oratorio.<\/p>\n\n\n\n<p class=\"wp-block-paragraph\">He&nbsp;aqu\u00ed&nbsp;la&nbsp;narraci\u00f3n&nbsp;de&nbsp;don&nbsp;Bosco:<\/p>\n\n\n\n<p class=\"wp-block-paragraph\">\u201cMe&nbsp;pareci\u00f3&nbsp;encontrarme&nbsp;en&nbsp;una&nbsp;extensa&nbsp;llanura&nbsp;cubierta&nbsp;por&nbsp;un&nbsp;n\u00famero&nbsp;incontable de j\u00f3venes. Unos re\u00f1\u00edan, otros blasfemaban. Aqu\u00ed se robaba, all\u00ed se&nbsp;faltaba a la modestia. Una nube de piedras, lanzadas por bandos que se hac\u00edan laguerra, volaba por los aires. Eran muchachos abandonados por sus padres y de&nbsp;costumbres corrompidas. Estaba ya a punto de irme de all\u00ed, cuando vi a mi lado&nbsp;una Se\u00f1ora que me dijo: -M\u00e9tete entre esos j\u00f3venes y act\u00faa. Me met\u00ed, pero \u00bfqu\u00e9&nbsp;hacer? No hab\u00eda sitio donde colocar a ninguno; quer\u00eda hacerles el bien: me dirig\u00eda&nbsp;a&nbsp;personas&nbsp;que&nbsp;estaban&nbsp;mirandodesde&nbsp;lejos&nbsp;y&nbsp;que&nbsp;hab\u00edan&nbsp;podido&nbsp;ayudarme&nbsp;mucho, pero nadie me hac\u00eda caso y ninguno me ayudaba. Me volv\u00ed entonces a&nbsp;aquella Se\u00f1ora, la cual me dijo: -Aqu\u00ed tienes un sitio; y me se\u00f1al\u00f3 un prado. \u00bb-Pero&nbsp;aqu\u00ed,&nbsp;dije&nbsp;yo,&nbsp;no&nbsp;hay&nbsp;m\u00e1s&nbsp;que&nbsp;unprado.<\/p>\n\n\n\n<p class=\"wp-block-paragraph\">Ella&nbsp;respondi\u00f3:&nbsp;-Mi&nbsp;Hijo&nbsp;y&nbsp;los&nbsp;Ap\u00f3stoles&nbsp;no&nbsp;ten\u00edan&nbsp;un&nbsp;palmo&nbsp;de&nbsp;tierra&nbsp;donde&nbsp;apoyar&nbsp;la&nbsp;cabeza.&nbsp;Empec\u00e9&nbsp;a&nbsp;trabajar&nbsp;enaquel&nbsp;prado,&nbsp;aconsejaba,&nbsp;predicaba,&nbsp;confesaba;<\/p>\n\n\n\n<p class=\"wp-block-paragraph\">pero ve\u00eda que mi esfuerzo resultaba in\u00fatil para la mayor\u00eda, si no se encontraba un&nbsp;sitio&nbsp;cercado&nbsp;y&nbsp;con&nbsp;locales&nbsp;donderecogerlos&nbsp;y&nbsp;donde&nbsp;albergar&nbsp;a&nbsp;algunos&nbsp;totalmente&nbsp;abandonados&nbsp;por&nbsp;sus&nbsp;padres,&nbsp;desechados&nbsp;y&nbsp;despreciados&nbsp;por&nbsp;todo&nbsp;elmundo.&nbsp;Entonces&nbsp;aquella&nbsp;Se\u00f1ora&nbsp;me&nbsp;llev\u00f3&nbsp;un&nbsp;poco&nbsp;m\u00e1s&nbsp;hacia&nbsp;all\u00e1,&nbsp;hacia&nbsp;el&nbsp;norte,&nbsp;y&nbsp;me&nbsp;dijo:<\/p>\n\n\n\n<p class=\"wp-block-paragraph\">-\u00a1Mira!&nbsp;Y&nbsp;vi&nbsp;una&nbsp;iglesia&nbsp;peque\u00f1a&nbsp;y&nbsp;baja,&nbsp;un&nbsp;patio&nbsp;chiquito&nbsp;y&nbsp;muchos&nbsp;j\u00f3venes.&nbsp;Reemprend\u00ed mi labor. Pero, resultando ya estrecha esa iglesia, recurr\u00ed de nuevo a&nbsp;Ella, y me mostr\u00f3 otra iglesia bastante m\u00e1s grande y con una casa al lado. Me llev\u00f3&nbsp;despu\u00e9s un poco m\u00e1s all\u00e1, hasta un trozo de terreno cultivado, casi frente a la&nbsp;fachada&nbsp;de&nbsp;la&nbsp;segunda&nbsp;iglesia.&nbsp;Ya\u00f1adi\u00f3:&nbsp;-En&nbsp;este&nbsp;lugar,&nbsp;donde&nbsp;los&nbsp;gloriosos&nbsp;m\u00e1rtires&nbsp;de Tur\u00edn Adventor y Octavio sufrieron su martirio, sobre esta tierra ba\u00f1ada y&nbsp;santificada con su sangre, quiero que Dios sea honrado de modo especial\u00edsimo. Y&nbsp;as\u00ed diciendo, adelant\u00f3 un pie hasta ponerlo en el punto exacto donde tuvo lugar el&nbsp;martirio.&nbsp;Y&nbsp;me&nbsp;lo&nbsp;indic\u00f3&nbsp;con&nbsp;precisi\u00f3n.&nbsp;Quer\u00eda&nbsp;yo&nbsp;poner&nbsp;una&nbsp;se\u00f1alpara&nbsp;encontrarlo&nbsp;cuando volviese por all\u00ed, pero no encontr\u00e9 nada: ni un palito, ni una piedra; con&nbsp;todo, lo fij\u00e9 en la memoria con toda exactitud. Corresponde exactamente al \u00e1ngulo&nbsp;interior de la capilla de los Santos M\u00e1rtires, antes llamada de Santa Ana, del lado&nbsp;del&nbsp;Evangelio&nbsp;de&nbsp;la&nbsp;iglesia&nbsp;de&nbsp;Mar\u00eda&nbsp;Auxiliadora.&nbsp;Mientras&nbsp;tanto,&nbsp;yo&nbsp;me&nbsp;ve\u00eda&nbsp;rodeado&nbsp;de un n\u00famero inmenso, siempre en aumento, de j\u00f3venes; y mirando a la Se\u00f1ora,&nbsp;crec\u00edan los medios y el local; y vi, despu\u00e9s, una grand\u00edsima iglesia, precisamente&nbsp;en&nbsp;el&nbsp;lugar&nbsp;en&nbsp;donde&nbsp;me&nbsp;hab\u00eda&nbsp;hecho&nbsp;ver&nbsp;que&nbsp;acaeci\u00f3&nbsp;el&nbsp;martirio&nbsp;de&nbsp;losSantos&nbsp;de&nbsp;la legi\u00f3n Tebea, con muchos edificios alrededor y con un hermoso monumento en&nbsp;el&nbsp;medio.<\/p>\n\n\n\n<p class=\"wp-block-paragraph\">Mientras suced\u00eda todo esto, siempre so\u00f1ando, ten\u00eda como colaboradores sacerdotes&nbsp;que me ayudaban en un principio, pero que despu\u00e9s hu\u00edan. Buscaba con grandes&nbsp;trabajos&nbsp;atra\u00e9rmelos,&nbsp;y&nbsp;ellos&nbsp;se&nbsp;iban&nbsp;poco&nbsp;despu\u00e9s&nbsp;y&nbsp;me&nbsp;dejaban&nbsp;solo.Entonces&nbsp;me&nbsp;volv\u00ed de nuevo a aquella Se\u00f1ora, la cual me dijo: &#8211; \u00bfQuieres saber c\u00f3mo hacer para&nbsp;que&nbsp;no&nbsp;se&nbsp;te&nbsp;vayanm\u00e1s?&nbsp;Toma&nbsp;esta&nbsp;cinta&nbsp;y&nbsp;\u00e1tasela&nbsp;a&nbsp;su&nbsp;cabeza.&nbsp;Tom\u00e9&nbsp;con&nbsp;reverencia&nbsp;la&nbsp;cinta&nbsp;blanca&nbsp;de&nbsp;su&nbsp;mano&nbsp;y&nbsp;vi&nbsp;que&nbsp;sobre&nbsp;ella&nbsp;estabaescrita&nbsp;una&nbsp;palabra: obediencia. Ensay\u00e9 enseguida lo que la Se\u00f1ora me indic\u00f3 y comenc\u00e9 a&nbsp;ce\u00f1ir la cabeza de algunos de mis colaboradores voluntarios con la cinta y pronto&nbsp;vi&nbsp;un&nbsp;cambio&nbsp;grande y&nbsp;en&nbsp;verdad&nbsp;sorprendente.&nbsp;Este&nbsp;cambio&nbsp;se&nbsp;hac\u00edacada&nbsp;vez&nbsp;m\u00e1s&nbsp;patente, seg\u00fan iba cumpliendo el consejo que se me hab\u00eda dado, ya que aquellos&nbsp;dieron de lado el deseo de irse a otra parte y se quedaron, al fin, conmigo. As\u00ed se&nbsp;constituy\u00f3&nbsp;la&nbsp;Sociedad&nbsp;Salesiana.<\/p>\n\n\n\n<p class=\"wp-block-paragraph\">Vi,&nbsp;adem\u00e1s,&nbsp;muchas&nbsp;otras&nbsp;cosas&nbsp;que&nbsp;no&nbsp;es&nbsp;ahora&nbsp;el&nbsp;caso&nbsp;de&nbsp;manifest\u00e1roslas&nbsp;(parece&nbsp;que&nbsp;alud\u00eda&nbsp;a&nbsp;grandes&nbsp;acontecimientosfuturos).&nbsp;Baste&nbsp;decir&nbsp;que,&nbsp;desde&nbsp;aquel&nbsp;tiempo,&nbsp;yo&nbsp;caminaba&nbsp;siempre&nbsp;sobre&nbsp;seguro;&nbsp;lo&nbsp;mismo&nbsp;respecto&nbsp;a&nbsp;los&nbsp;Oratorios,que,&nbsp;respecto a la Congregaci\u00f3n, y sobre el modo de relacionarme con toda suerte de&nbsp;autoridades.&nbsp;Las&nbsp;grandesdificultades&nbsp;que&nbsp;habr\u00e1n&nbsp;de&nbsp;sobrevenir&nbsp;est\u00e1n&nbsp;todas&nbsp;previstas, y s\u00e9 c\u00f3mo hay que superarlas. Veo clar\u00edsimamente, con todo detalle,&nbsp;cuanto nos ha de suceder y marcho hacia adelante a plena luz. Fue precisamente&nbsp;despu\u00e9s de haber visto iglesias, casas, patios, muchachos, cl\u00e9rigos y sacerdotes&nbsp;que me ayudaban y la manera de llevarlo todo adelante cuando empec\u00e9 a hablar&nbsp;de&nbsp;todas&nbsp;esas&nbsp;cosas&nbsp;y&nbsp;a&nbsp;contarlas&nbsp;como&nbsp;si&nbsp;fueran&nbsp;realidad.&nbsp;Y&nbsp;por&nbsp;eso,&nbsp;muchos&nbsp;cre\u00edan&nbsp;que&nbsp;yo&nbsp;disparataba&nbsp;y&nbsp;meten\u00edan&nbsp;por&nbsp;loco\u00bb.<\/p>\n\n\n\n<p class=\"wp-block-paragraph\">De&nbsp;aqu\u00ed,&nbsp;pues,&nbsp;part\u00eda&nbsp;su&nbsp;inquebrantable&nbsp;fe&nbsp;en&nbsp;el&nbsp;feliz&nbsp;\u00e9xito&nbsp;de&nbsp;su&nbsp;misi\u00f3n,&nbsp;su&nbsp;temeraria&nbsp;seguridad&nbsp;para&nbsp;afrontar&nbsp;toda&nbsp;clasede&nbsp;obst\u00e1culos,&nbsp;para&nbsp;lanzarse&nbsp;a empresas&nbsp;colosales,&nbsp;superiores&nbsp;a&nbsp;toda&nbsp;fuerza&nbsp;humana&nbsp;y&nbsp;conducirlas&nbsp;a&nbsp;feliz&nbsp;t\u00e9rmino\u00bb<a href=\"applewebdata:\/\/2EC5F4C8-595B-4CBD-9FF9-51D194470608#_edn2\"><sup>[II]<\/sup><\/a>.<\/p>\n\n\n\n<p class=\"wp-block-paragraph\">Cuando tiene lugar este sue\u00f1o Don Bosco es, como ya dije, un hombre maduro, ha&nbsp;vivido ya tantas cosas, ha afrontado tantas dificultades, ha visto por s\u00ed mismo lo&nbsp;que la Gracia y el Amor a la Virgen obraba en sus muchachos, ha visto tantos&nbsp;milagros&nbsp;de&nbsp;la&nbsp;Providencia,&nbsp;y&nbsp;ha&nbsp;sufrido&nbsp;no&nbsp;poco.&nbsp;Bien&nbsp;lo&nbsp;sabemos.<\/p>\n\n\n\n<p class=\"wp-block-paragraph\">En el sue\u00f1o de los nueve a\u00f1os escrito por Don Bosco mismo en las&nbsp;<em>Memorias&nbsp;<\/em><em>del Oratorio<sup><strong><a href=\"applewebdata:\/\/2EC5F4C8-595B-4CBD-9FF9-51D194470608#_edn3\">[III]<\/a><\/strong><\/sup><\/em>&nbsp;(composici\u00f3n que se inicia en 1873 y que seguir\u00e1 hasta 1875), el sue\u00f1o&nbsp;viene precedido por la muerte de su padre y por la gran carest\u00eda en la que viv\u00eda la&nbsp;familia, casi como dici\u00e9ndonos, ya al inicio, que no nos debemos dejar desanimar&nbsp;por los dramas de la vida, puesto que estos pueden ser muchos, y Juan Bosco vivi\u00f3&nbsp;muchos, pero es posible tener un sue\u00f1o, un ideal que seguir, un norte al que&nbsp;apuntar.&nbsp;El&nbsp;mismo&nbsp;Don&nbsp;Bosco&nbsp;lo&nbsp;escribe&nbsp;desde&nbsp;las&nbsp;primeras&nbsp;l\u00edneas&nbsp;del&nbsp;manuscrito:<\/p>\n\n\n\n<p class=\"wp-block-paragraph\">\u00ab\u00bfPara qu\u00e9 puede servir, pues, este trabajo? Servir\u00e1 de norma para superar las&nbsp;dificultades futuras, tomando lecciones del pasado; servir\u00e1 para dar a conocer&nbsp;c\u00f3mo&nbsp;Dios&nbsp;mismo&nbsp;guio&nbsp;siempre&nbsp;todos&nbsp;los&nbsp;sucesos;&nbsp;servir\u00e1&nbsp;de&nbsp;amenoentretenimiento para mis hijos, cuando lean los acontecimientos en los que tom\u00f3&nbsp;parte su padre y, con mayor gusto, cuando \u2013llamado por Dios a rendir cuenta de&nbsp;mis&nbsp;actos\u2013&nbsp;ya&nbsp;no&nbsp;est\u00e9&nbsp;entre&nbsp;ellos\u00bb<a href=\"applewebdata:\/\/2EC5F4C8-595B-4CBD-9FF9-51D194470608#_edn4\"><sup>[IV]<\/sup><\/a>.<\/p>\n\n\n\n<p class=\"wp-block-paragraph\"><strong>2.-&nbsp;UN&nbsp;A\u00d1O&nbsp;Y&nbsp;UN&nbsp;AGUINALDO&nbsp;PARA&nbsp;ESTUDIAR&nbsp;Y&nbsp;PROFUNDIZAR LAS MEMORIAS DEL ORATORIO Y EL SUE\u00d1O&nbsp;DE&nbsp;LOS&nbsp;NUEVE&nbsp;A\u00d1OS<\/strong><strong><\/strong><\/p>\n\n\n\n<p class=\"wp-block-paragraph\">Quiz\u00e1 sorprenda a m\u00e1s de uno que en estas pocas p\u00e1ginas en las que deseo&nbsp;ofrecer unas breves notas sobre lo que m\u00e1s adelante escribir\u00e9 m\u00e1s ampliamente,&nbsp;me&nbsp;permita&nbsp;hacer&nbsp;esta&nbsp;invitaci\u00f3n:&nbsp;la&nbsp;de&nbsp;aprovechar&nbsp;este&nbsp;a\u00f1o&nbsp;bicentenariodel&nbsp;sue\u00f1o&nbsp;para&nbsp;<em>estudiar&nbsp;y&nbsp;profundizar&nbsp;las&nbsp;Memorias&nbsp;del&nbsp;Oratorio&nbsp;y&nbsp;el&nbsp;mismo&nbsp;sue\u00f1o&nbsp;de&nbsp;los&nbsp;nueve&nbsp;a\u00f1os,&nbsp;<\/em>pero&nbsp;hago&nbsp;estainvitaci\u00f3n&nbsp;con&nbsp;profundo&nbsp;convencimiento.&nbsp;Yo&nbsp;mismo&nbsp;he&nbsp;gozado&nbsp;leyendo bastantes p\u00e1ginas antes de escribir estas notas y constatando, una vez&nbsp;m\u00e1s,&nbsp;que,&nbsp;en&nbsp;este&nbsp;\u00e1mbito&nbsp;de&nbsp;la&nbsp;salesianidad,&nbsp;de&nbsp;nuestra&nbsp;historia&nbsp;y&nbsp;de&nbsp;los&nbsp;fundamentos de nuestro carisma corremos el peligro de decir solamente algunos&nbsp;t\u00f3picos&nbsp;muy&nbsp;simplificados,&nbsp;y&nbsp;de&nbsp;repetir&nbsp;algunas&nbsp;generalidades.Un&nbsp;gran&nbsp;servicio&nbsp;que&nbsp;podemos ofrecernos y ofrecer a muchas personas, a la Familia Salesiana en el&nbsp;mundo,&nbsp;y&nbsp;atant\u00edsimos&nbsp;laicos&nbsp;y&nbsp;j\u00f3venes,&nbsp;muchachos&nbsp;y&nbsp;muchachas&nbsp;es,&nbsp;justamente,&nbsp;el de regalarnos algo consistente cuando presentemos cualquier reflexi\u00f3n acerca&nbsp;de&nbsp;este&nbsp;sue\u00f1o.<\/p>\n\n\n\n<p class=\"wp-block-paragraph\">Y subrayo esto porque, como sabemos, las&nbsp;<em>Memorias del Oratorio&nbsp;<\/em>son un texto&nbsp;autobiogr\u00e1fico en el&nbsp;que&nbsp;Don Bosco recoge en una narraci\u00f3n&nbsp;la historia del Oratorio&nbsp;de&nbsp;San&nbsp;Francisco&nbsp;de&nbsp;Sales,&nbsp;tambi\u00e9n&nbsp;sus&nbsp;vivencias&nbsp;personales,tanto&nbsp;de&nbsp;lo&nbsp;que&nbsp;ha&nbsp;acontecido, con un deseo de dejar a sus herederos espirituales una ense\u00f1anza&nbsp;preciosa para el futuro, junto a lo m\u00e1s esencial y profundo de aquellas vivencias,&nbsp;de&nbsp;aquel&nbsp;hacer&nbsp;educativo&nbsp;y&nbsp;espiritual&nbsp;que&nbsp;dio&nbsp;origen&nbsp;alnacimiento&nbsp;del&nbsp;Oratorio&nbsp;y&nbsp;de&nbsp;toda&nbsp;una&nbsp;historia&nbsp;llamada&nbsp;a&nbsp;ser&nbsp;continuada<a href=\"applewebdata:\/\/2EC5F4C8-595B-4CBD-9FF9-51D194470608#_edn5\"><sup>[V]<\/sup><\/a>.<\/p>\n\n\n\n<p class=\"wp-block-paragraph\">\u00abEste rasgo ha sido destacado eficazmente por Pietro Braido, que acu\u00f1\u00f3 la feliz&nbsp;expresi\u00f3n&nbsp;<em>memorias de futuro<\/em>, para resaltar el car\u00e1cter de testamento, antes que&nbsp;de&nbsp;documento&nbsp;que&nbsp;connota&nbsp;la&nbsp;narraci\u00f3n&nbsp;de&nbsp;Don&nbsp;Bosco\u00bb<a href=\"applewebdata:\/\/2EC5F4C8-595B-4CBD-9FF9-51D194470608#_edn6\"><sup>[VI]<\/sup><\/a>.<\/p>\n\n\n\n<p class=\"wp-block-paragraph\">\uf0e0&nbsp;Al&nbsp;mismo&nbsp;tiempo&nbsp;percibimos&nbsp;que&nbsp;dicho&nbsp;sue\u00f1o,&nbsp;que&nbsp;se&nbsp;coloca&nbsp;dentro&nbsp;de&nbsp;la&nbsp;arquitectura de las Memorias como un pilar que sostiene y da fundamento a otros&nbsp;muchos elementos de la narraci\u00f3n de lo vivido por Don Bosco, significa tambi\u00e9nque \u00abreley\u00e9ndolo a posteriori de su posici\u00f3n de sacerdote y fundador, no puede sino&nbsp;entenderlo&nbsp;como&nbsp;unamanifestaci\u00f3n&nbsp;anticipadora&nbsp;y&nbsp;prof\u00e9tica\u00bb<a href=\"applewebdata:\/\/2EC5F4C8-595B-4CBD-9FF9-51D194470608#_edn7\"><sup>[VII]<\/sup><\/a>.<\/p>\n\n\n\n<p class=\"wp-block-paragraph\">Prescindo en este momento de hacer referencia a los personajes del sue\u00f1o y a la&nbsp;estructura del mismo, al igual que a la tensi\u00f3n narrativa y a los movimientos&nbsp;diversos&nbsp;que&nbsp;se&nbsp;dan&nbsp;en&nbsp;el&nbsp;desarrollo&nbsp;del&nbsp;mismo&nbsp;sue\u00f1o&nbsp;tal&nbsp;como&nbsp;nos&nbsp;ha&nbsp;sidoentregado por Don Bosco. Esto se puede profundizar en diversos estudios muy&nbsp;profundos&nbsp;y&nbsp;serios&nbsp;de&nbsp;nuestros&nbsp;autoresde&nbsp;salesianidad,&nbsp;algunos&nbsp;ya&nbsp;citados.<\/p>\n\n\n\n<p class=\"wp-block-paragraph\">Tan solo hago un peque\u00f1o elenco de algunas caracter\u00edsticas que sin duda vendr\u00e1n&nbsp;desarrolladas (aunque sea de modo \u00e1gil, no como un estudio cient\u00edfico, sino como&nbsp;una invitaci\u00f3n a traducirlo a la vida y carisma de la Congregaci\u00f3n y la Familia&nbsp;Salesiana&nbsp;de&nbsp;hoy).&nbsp;Me&nbsp;refiero&nbsp;a&nbsp;aspectos&nbsp;como&nbsp;estos<a href=\"applewebdata:\/\/2EC5F4C8-595B-4CBD-9FF9-51D194470608#_edn8\"><sup>[VIII]<\/sup><\/a>:<\/p>\n\n\n\n<ul class=\"wp-block-list\">\n<li>La misi\u00f3n oratoriana que se evidencia ya en el sue\u00f1o de los nueve a\u00f1os: La&nbsp;escena est\u00e1 llena de muchachos. Unos muchachos que realmente tienen un&nbsp;gran&nbsp;realismo&nbsp;en&nbsp;el&nbsp;transcurrir&nbsp;del&nbsp;sue\u00f1o.<\/li>\n\n\n\n<li>Una llamada que parece imposible, inalcanzable. Juanito Bosco se despierta&nbsp;cansado, e incluso ha llorado, y es que cuando se trata de la llamada de Dios&nbsp;(el&nbsp;Se\u00f1or&nbsp;Jes\u00fas&nbsp;en&nbsp;el&nbsp;sue\u00f1o),&nbsp;la&nbsp;direcci\u00f3n&nbsp;que&nbsp;esta&nbsp;puede&nbsp;tomar&nbsp;esimpredecible&nbsp;y&nbsp;desconcertante.<\/li>\n\n\n\n<li>La mediaci\u00f3n materna de la Se\u00f1ora en el sue\u00f1o (unido al misterio de nombre).&nbsp;Para&nbsp;Juanito&nbsp;Bosco,&nbsp;su&nbsp;madre&nbsp;y&nbsp;laMadre&nbsp;de&nbsp;aquel&nbsp;a&nbsp;quien&nbsp;saluda&nbsp;tres&nbsp;veces&nbsp;al d\u00eda, ser\u00e1 espacio de humanidad en el que descansar, en el que encontrar&nbsp;seguridad&nbsp;y&nbsp;amparo&nbsp;en&nbsp;los&nbsp;momentos&nbsp;m\u00e1s&nbsp;dif\u00edciles.<\/li>\n\n\n\n<li>Y finalmente la fuerza de la mansedumbre y la docilidad (hoy dir\u00edamos al&nbsp;Esp\u00edritu&nbsp;de&nbsp;Dios).&nbsp;La&nbsp;fuerza&nbsp;que&nbsp;tiene&nbsp;enel&nbsp;sue\u00f1o&nbsp;el&nbsp;mensaje&nbsp;de&nbsp;hacerse&nbsp;<em>fuerte,&nbsp;humilde&nbsp;y&nbsp;robusto.<\/em><em><\/em><\/li>\n<\/ul>\n\n\n\n<h2 class=\"wp-block-heading\">3.- M\u00c1S&nbsp;ELEMENTOS&nbsp;QUE ESTAR\u00c1N&nbsp;PRESENTES EN&nbsp;EL&nbsp;DESARROLLODE&nbsp;LA&nbsp;STRENNA&nbsp;(Aguinaldo)<\/h2>\n\n\n\n<p class=\"wp-block-paragraph\">Deseo&nbsp;recoger&nbsp;aqu\u00ed&nbsp;otros&nbsp;elementos&nbsp;y&nbsp;aportaciones&nbsp;que&nbsp;he&nbsp;recibido&nbsp;ya&nbsp;sea&nbsp;de&nbsp;la&nbsp;reflexi\u00f3n&nbsp;de&nbsp;la&nbsp;consulta&nbsp;mundialde&nbsp;la&nbsp;Familia&nbsp;Salesiana&nbsp;2023,&nbsp;como&nbsp;de&nbsp;nuestro&nbsp;grupo&nbsp;de&nbsp;trabajo.&nbsp;Sin&nbsp;duda&nbsp;son&nbsp;aspectos&nbsp;que&nbsp;de&nbsp;un&nbsp;modo&nbsp;uotro&nbsp;estar\u00e1n&nbsp;presentes&nbsp;en&nbsp;la&nbsp;redacci\u00f3n&nbsp;final:<\/p>\n\n\n\n<ul class=\"wp-block-list\">\n<li>En primer lugar, debemos tener cuidado de no presentar a Don Bosco&nbsp;como&nbsp;un&nbsp;ideal&nbsp;inalcanzable.&nbsp;DonBosco&nbsp;es&nbsp;real&nbsp;y&nbsp;concreto&nbsp;con&nbsp;sus&nbsp;dificultades&nbsp;afrontadas&nbsp;paso&nbsp;a&nbsp;paso,&nbsp;con&nbsp;confianza&nbsp;y&nbsp;esperanza&nbsp;en&nbsp;elResucitado&nbsp;y&nbsp;en&nbsp;la&nbsp;Auxiliadora.\n<ul class=\"wp-block-list\">\n<li>Seguramente tendremos que ver el sue\u00f1o de los nueve a\u00f1os como profec\u00eda&nbsp;que hay que iluminar y actualizar; es sin duda un ejemplo de c\u00f3mo la&nbsp;Palabra de Dios debe ser aceptada con humildad y confianza, sin prisa dequerer&nbsp;alcanzar&nbsp;inmediatamente&nbsp;qui\u00e9n&nbsp;sabe&nbsp;qu\u00e9&nbsp;resultados.<\/li>\n\n\n\n<li>Es m\u00e1s que evidente que acompa\u00f1ar a Don Bosco en la reflexi\u00f3n sobre el&nbsp;sue\u00f1o&nbsp;de&nbsp;los&nbsp;nueve&nbsp;a\u00f1os&nbsp;estambi\u00e9n&nbsp;subrayar&nbsp;la&nbsp;entrega&nbsp;de&nbsp;Don&nbsp;Bosco&nbsp;a&nbsp;la&nbsp;Providencia,&nbsp;\u00aba&nbsp;su&nbsp;tiempo&nbsp;lo&nbsp;comprender\u00e1s&nbsp;todo\u00bb.<\/li>\n\n\n\n<li>O como ya, una vez, ha declarado el Rector Mayor don Pascual Ch\u00e1vez en&nbsp;el&nbsp;Aguinaldo&nbsp;de&nbsp;2012,&nbsp;sin&nbsp;dudatendremos&nbsp;que&nbsp;\u00abenfrentar&nbsp;a&nbsp;los&nbsp;lobos\u00bb&nbsp;que&nbsp;quieren&nbsp;devorar&nbsp;el&nbsp;reba\u00f1o:&nbsp;el&nbsp;indiferentismo,&nbsp;el&nbsp;relativismo&nbsp;\u00e9tico,el&nbsp;consumismo que destruye el valor de cosas y experiencias, las falsas&nbsp;ideolog\u00edas&#8230;<\/li>\n\n\n\n<li>El&nbsp;sue\u00f1o&nbsp;nos&nbsp;transporta&nbsp;a&nbsp;un&nbsp;hoy que es de m\u00e1xima actualidad. El&nbsp;<em>\u00abno&nbsp;con&nbsp;golpes\u00bb&nbsp;<\/em>del&nbsp;sue\u00f1o&nbsp;nos&nbsp;interpela&nbsp;yhace&nbsp;m\u00e1s&nbsp;necesario que nunca&nbsp;nuestro modo de ir al encuentro de los j\u00f3venes y de las j\u00f3venes, porquesiguen aumentando los discursos de odio y la violencia. Nuestro mundo&nbsp;est\u00e1&nbsp;siendo&nbsp;cada&nbsp;vez&nbsp;m\u00e1s&nbsp;violento&nbsp;ynosotros,&nbsp;educadores&nbsp;y&nbsp;evangelizadores de los j\u00f3venes, hemos de ser alternativa ante aquello que&nbsp;tantoangustiaba&nbsp;a&nbsp;Juanito&nbsp;en&nbsp;el&nbsp;sue\u00f1o y que tanto nos duele a nosotros&nbsp;hoy.<\/li>\n\n\n\n<li>Y la Se\u00f1ora viene presentada como Maestra y como Madre. Es la mam\u00e1&nbsp;de ambos, del Se\u00f1or majestuoso del sue\u00f1o y del mismo&nbsp;Juanito; una&nbsp;mam\u00e1 \u2013me permito decirlo de modo parafraseado\u2013, que tom\u00e1ndolo de lamano&nbsp;le&nbsp;dice:\n<ul class=\"wp-block-list\">\n<li><em>\u00abMira\u00bb:&nbsp;<\/em>Qu\u00e9 importante es para nosotros saber mirar, y qu\u00e9 grave&nbsp;cuando nos somos capaces de&nbsp;<em>\u00abver\u00bb&nbsp;<\/em>a los j\u00f3venes en su realidad,&nbsp;en&nbsp;lo&nbsp;que&nbsp;son&nbsp;(lo&nbsp;m\u00e1s&nbsp;aut\u00e9ntico&nbsp;y&nbsp;bello&nbsp;y&nbsp;lo&nbsp;m\u00e1s&nbsp;tr\u00e1gico ydoloroso).<\/li>\n\n\n\n<li><em>\u00abAprende\u00bb,&nbsp;<\/em>es&nbsp;decir,&nbsp;hazte&nbsp;humilde,&nbsp;fuerte&nbsp;y&nbsp;robusto,&nbsp;porque&nbsp;vas&nbsp;a necesitar la sencillez (frente a tantas soberbias), y la fortaleza&nbsp;(frente a tanto que hay que enfrentar en la vida), y es robustez&nbsp;quees&nbsp;resiliencia&nbsp;(o&nbsp;capacidad&nbsp;de&nbsp;no&nbsp;dejarse&nbsp;abatir,&nbsp;de&nbsp;no&nbsp;desanimarse, de no dejar caer los brazos en se\u00f1al de que nada&nbsp;se&nbsp;puede&nbsp;hacer&nbsp;ya).<\/li>\n\n\n\n<li>\u00ab<em>Y ten paciencia\u00bb<\/em>, es decir, demos tiempo a todo y dejemos a Dios&nbsp;ser&nbsp;Dios.<\/li>\n<\/ul>\n<\/li>\n<\/ul>\n<\/li>\n<\/ul>\n\n\n\n<p class=\"wp-block-paragraph\"><strong>4.-&nbsp;Y&nbsp;ES&nbsp;UN&nbsp;SUE\u00d1O&nbsp;QUE&nbsp;HACE SO\u00d1AR&nbsp;<\/strong>porque la perspectiva de&nbsp;fondo es la de no mirar el sue\u00f1o solo como un proyecto vocacional entregado a Don&nbsp;Bosco&nbsp;sobre&nbsp;lo&nbsp;que&nbsp;suceder\u00eda&nbsp;en&nbsp;el&nbsp;futuro,&nbsp;sino&nbsp;mirar&nbsp;haciaatr\u00e1s,&nbsp;viendo&nbsp;tambi\u00e9n&nbsp;las&nbsp;l\u00e1grimas&nbsp;de&nbsp;la&nbsp;misa&nbsp;en&nbsp;el&nbsp;\u2018Sacro&nbsp;Cuore\u2019&nbsp;de&nbsp;Roma&nbsp;como&nbsp;una&nbsp;relectura&nbsp;de&nbsp;la&nbsp;propia<\/p>\n\n\n\n<p class=\"wp-block-paragraph\">vida viendo como el Se\u00f1or es el protagonista, c\u00f3mo tiene todo en manos, y c\u00f3mo&nbsp;este sue\u00f1o tiene algo interactivo con los sue\u00f1os de los salesianos, sus hijos, de&nbsp;toda&nbsp;su&nbsp;Familia&nbsp;salesiana&nbsp;y,&nbsp;sobre&nbsp;todo,&nbsp;de&nbsp;los&nbsp;j\u00f3venes.<\/p>\n\n\n\n<p class=\"wp-block-paragraph\">Y,&nbsp;en&nbsp;este&nbsp;sentido,&nbsp;el&nbsp;Sue\u00f1o&nbsp;nos&nbsp;hace&nbsp;so\u00f1ar&nbsp;y&nbsp;pensar&nbsp;qui\u00e9nes&nbsp;somos&nbsp;y&nbsp;para&nbsp;qui\u00e9nes&nbsp;somos&nbsp;hoy:<\/p>\n\n\n\n<p class=\"wp-block-paragraph\">\uf0e0&nbsp;Cada elecci\u00f3n de Don Bosco se inserta en el proyecto m\u00e1s grande:&nbsp;<strong><em>el proyecto&nbsp;de Dios sobre \u00e9l (los sue\u00f1os)<\/em><\/strong>. Por lo tanto, ninguna elecci\u00f3n para Don Bosco fue&nbsp;banal.<\/p>\n\n\n\n<p class=\"wp-block-paragraph\">\uf0e0&nbsp;Muchos de nosotros ignoran que&nbsp;<strong><em>Dios&nbsp;tiene&nbsp;un&nbsp;sue\u00f1o para&nbsp;cada&nbsp;uno<\/em><\/strong>, un&nbsp;proyecto&nbsp;ideado,&nbsp;deseado&nbsp;a&nbsp;medida&nbsp;paranosotros&nbsp;por&nbsp;Dios&nbsp;mismo.&nbsp;El&nbsp;secreto&nbsp;de&nbsp;la&nbsp;felicidad&nbsp;tan&nbsp;deseada&nbsp;es,&nbsp;precisamente,&nbsp;el&nbsp;encuentro&nbsp;y&nbsp;la&nbsp;correspondencia&nbsp;entredos&nbsp;sue\u00f1os:&nbsp;<em>el&nbsp;nuestro&nbsp;y&nbsp;el&nbsp;de&nbsp;Dios<\/em>.<\/p>\n\n\n\n<ul class=\"wp-block-list\">\n<li>Entender cu\u00e1l es el sue\u00f1o de Dios para nosotros es, en primer lugar, darse&nbsp;cuenta de que el Se\u00f1or nos ha dado la vida porque&nbsp;<em>nos ama a pesar de lo que&nbsp;somos, incluidos los l\u00edmites<\/em>. \u00a1Debemos creer, entonces, que Dios quiere hacer&nbsp;cosas grandes con cada uno de nosotros! Soy precioso porque, sin m\u00ed, hay&nbsp;algo&nbsp;que&nbsp;no&nbsp;se&nbsp;podr\u00e1&nbsp;realizar;personas&nbsp;que&nbsp;solo&nbsp;yo&nbsp;podr\u00e9&nbsp;amar;&nbsp;palabras&nbsp;que&nbsp;solo&nbsp;yo&nbsp;podr\u00e9&nbsp;decir;&nbsp;\u00a1momentos&nbsp;que&nbsp;solo&nbsp;yo&nbsp;podr\u00e9&nbsp;probar!<\/li>\n<\/ul>\n\n\n\n<p class=\"wp-block-paragraph\">\uf0e0&nbsp;Dios&nbsp;habla&nbsp;de&nbsp;muchas&nbsp;maneras,&nbsp;<strong><em>hace&nbsp;grandes&nbsp;cosas&nbsp;con&nbsp;\u00abinstrumentos&nbsp;<\/em><\/strong><strong><em>simples<\/em><\/strong>\u00bb,&nbsp;tambi\u00e9n&nbsp;en&nbsp;lo&nbsp;profundo&nbsp;denuestro&nbsp;coraz\u00f3n,&nbsp;a&nbsp;trav\u00e9s&nbsp;de&nbsp;los&nbsp;sentimientos&nbsp;que se mueven dentro de nosotros, a trav\u00e9s de la Palabra de Dios acogida con fe,&nbsp;profundizada&nbsp;con&nbsp;paciencia,&nbsp;interiorizada&nbsp;con&nbsp;amor,&nbsp;seguida&nbsp;con&nbsp;confianza.<\/p>\n\n\n\n<ul class=\"wp-block-list\">\n<li>Por eso es importante aprender a escucharse, a descifrar los movimientos&nbsp;internos, a dar voz a lo que se agita dentro de nosotros, a reconocer qu\u00e9&nbsp;se\u00f1ales o \u00absue\u00f1os\u00bb nos revelan la voz de Dios y cu\u00e1les son, en cambio, fruto&nbsp;de&nbsp;elecciones&nbsp;equivocadas.<\/li>\n<\/ul>\n\n\n\n<p class=\"wp-block-paragraph\">\uf0e0&nbsp;En&nbsp;la&nbsp;vida,&nbsp;elegir,&nbsp;so\u00f1ar,&nbsp;decidir,&nbsp;son&nbsp;cosas&nbsp;todas&nbsp;que&nbsp;implican&nbsp;asumir&nbsp;la&nbsp;responsabilidad de las consecuencias que esta elecci\u00f3n conlleva. Todo esto produce&nbsp;<strong><em>ansiedad,&nbsp;incomodidad&nbsp;e&nbsp;incluso&nbsp;miedo<\/em><\/strong>.<\/p>\n\n\n\n<ul class=\"wp-block-list\">\n<li>Entre&nbsp;las&nbsp;expresiones&nbsp;que&nbsp;m\u00e1s&nbsp;recurren&nbsp;dentro&nbsp;de&nbsp;los&nbsp;textos&nbsp;b\u00edblicos&nbsp;est\u00e1&nbsp;seguramente&nbsp;\u00abno&nbsp;temer\u00bb.Predominantemente&nbsp;pronunciada&nbsp;por&nbsp;Dios o por&nbsp;uno&nbsp;de&nbsp;sus&nbsp;mensajeros,&nbsp;introduce,&nbsp;en&nbsp;la&nbsp;mayor\u00eda&nbsp;de&nbsp;loscasos,&nbsp;una&nbsp;llamada&nbsp;de vocaci\u00f3n, es decir, la invitaci\u00f3n a la realizaci\u00f3n de un proyecto de vida que&nbsp;impliquetotalmente&nbsp;a&nbsp;la&nbsp;persona&nbsp;que&nbsp;lo&nbsp;recibe.&nbsp;Lo&nbsp;interesante&nbsp;es que a&nbsp;menudo&nbsp;precede&nbsp;o&nbsp;responde&nbsp;al&nbsp;sentimiento&nbsp;demiedo&nbsp;que&nbsp;invade&nbsp;al&nbsp;destinatario&nbsp;del&nbsp;mensaje.&nbsp;Esto&nbsp;nace&nbsp;de&nbsp;la percepci\u00f3n de&nbsp;inadecuaci\u00f3n&nbsp;respecto&nbsp;a&nbsp;la&nbsp;misi\u00f3npropuesta.<\/li>\n\n\n\n<li>&nbsp;&nbsp;En este sentido, qu\u00e9 fuerte es tambi\u00e9n esa feliz expresi\u00f3n del papa san Juan&nbsp;Pablo&nbsp;II&nbsp;a&nbsp;los&nbsp;j\u00f3venes:&nbsp;<em>\u00abno&nbsp;teng\u00e1ismiedo\u00bb.<\/em><em><\/em><\/li>\n<\/ul>\n\n\n\n<p class=\"wp-block-paragraph\">\uf0e0&nbsp;El&nbsp;\u00abhazte&nbsp;humilde,&nbsp;fuerte&nbsp;y&nbsp;robusto\u00bb&nbsp;al&nbsp;que&nbsp;ya&nbsp;nos&nbsp;hemos&nbsp;referido&nbsp;sirve&nbsp;tambi\u00e9n&nbsp;para&nbsp;nosotros&nbsp;parasuperar&nbsp;la&nbsp;tentaci\u00f3n&nbsp;de&nbsp;abandonar&nbsp;f\u00e1cilmente<\/p>\n\n\n\n<p class=\"wp-block-paragraph\">los compromisos o de esperar que todo llueva desde lo alto sin la necesaria&nbsp;responsabilidad. Esto debe ser alejado con la fortaleza y desarmado con la&nbsp;humildad de quien es consciente de los propios l\u00edmites, pero sabe tambi\u00e9n&nbsp;que puede contar con muchas potencialidades y con la constante presencia&nbsp;de&nbsp;Dios.<\/p>\n\n\n\n<p class=\"wp-block-paragraph\">\uf0e0&nbsp;A&nbsp;menudo,&nbsp;los&nbsp;j\u00f3venes&nbsp;son&nbsp;influenciados&nbsp;por&nbsp;los&nbsp;sue\u00f1os&nbsp;de&nbsp;otros:&nbsp;\u00bfde&nbsp;los&nbsp;padres?&nbsp;\u00bfde los amigos o por los condicionamientos de la sociedad? Con la certeza de lo ya&nbsp;dicho sobre el hecho de que&nbsp;<strong><em>para&nbsp;cada&nbsp;uno&nbsp;de&nbsp;nosotros Dios tiene un sue\u00f1o<\/em><\/strong>,&nbsp;un proyecto ideado, deseado a medida para nosotros por Dios mismo, entonces es&nbsp;necesario&nbsp;<strong><em>explorar con los mismos j\u00f3venes sus sue\u00f1os<\/em><\/strong>: la vida tiene un motivo&nbsp;para ser vivida y debemos creer en la belleza de lo que son; debemos abrirnos a&nbsp;deseos grandes como es grande el sue\u00f1o de Dios sobre cada uno de los j\u00f3venes y&nbsp;luchar&nbsp;pararealizarlos.<\/p>\n\n\n\n<ul class=\"wp-block-list\">\n<li>Los&nbsp;j\u00f3venes&nbsp;est\u00e1n&nbsp;llamados&nbsp;a&nbsp;convertirse&nbsp;en&nbsp;lo&nbsp;que&nbsp;son&nbsp;verdaderamente:&nbsp;\u00a1su&nbsp;identidad&nbsp;es&nbsp;la&nbsp;plenitud&nbsp;de&nbsp;vidaque&nbsp;los&nbsp;llama&nbsp;a&nbsp;la&nbsp;santidad&nbsp;ya&nbsp;ahora!<\/li>\n<\/ul>\n\n\n\n<p class=\"wp-block-paragraph\">\uf0e0&nbsp;<strong><em>Necesitamos&nbsp;a&nbsp;los&nbsp;dem\u00e1s&nbsp;para&nbsp;construirnos nosotros mismos y nuestro&nbsp;sue\u00f1o<\/em><\/strong>. No podemos hacer discernimiento solos, es necesario fiarse y confiarse. Don&nbsp;Bosco&nbsp;de&nbsp;peque\u00f1o&nbsp;se&nbsp;entrega&nbsp;con&nbsp;confianza&nbsp;a&nbsp;la&nbsp;gu\u00eda de una Maestra.&nbsp;&nbsp;Estopresupone naturalmente que hay gu\u00edas sabias y evang\u00e9licamente inspiradas en las&nbsp;que&nbsp;podemos&nbsp;confiar.&nbsp;Tambi\u00e9n&nbsp;enesto&nbsp;tendremos&nbsp;una&nbsp;buena&nbsp;tarea.<\/p>\n\n\n\n<hr class=\"wp-block-separator has-alpha-channel-opacity\"\/>\n\n\n\n<p class=\"wp-block-paragraph\"><a href=\"applewebdata:\/\/2EC5F4C8-595B-4CBD-9FF9-51D194470608#_ednref1\"><sup>[I]<\/sup><\/a>&nbsp;STELLA, PIETRO,&nbsp;<em>Don Bosco nella storia della religiosit\u00e0 cattolica.&nbsp;<\/em>I.&nbsp;<em>Vita e opere<\/em>,&nbsp;LAS, Roma 1979, 31s. Citado en BOZZOLO,&nbsp;ANDREA(coord..),&nbsp;<em>I&nbsp;sogni&nbsp;di&nbsp;don&nbsp;Bosco.&nbsp;Esperienza&nbsp;spirituale&nbsp;e&nbsp;sapienza&nbsp;educativa.&nbsp;<\/em>LAS,&nbsp;Roma,&nbsp;2017,&nbsp;211.<\/p>\n\n\n\n<p class=\"wp-block-paragraph\"><a href=\"applewebdata:\/\/2EC5F4C8-595B-4CBD-9FF9-51D194470608#_ednref2\"><sup>[II]<\/sup><\/a>&nbsp;<em>MB&nbsp;<\/em>II,&nbsp;297-300&nbsp;[<em>MBe&nbsp;<\/em>II,&nbsp;229-231].<\/p>\n\n\n\n<p class=\"wp-block-paragraph\"><a href=\"applewebdata:\/\/2EC5F4C8-595B-4CBD-9FF9-51D194470608#_ednref3\"><sup>[III]<\/sup><\/a>&nbsp;Cf.&nbsp;\u00abMemorias&nbsp;del&nbsp;Oratorio&nbsp;de&nbsp;san&nbsp;Francisco&nbsp;de&nbsp;Sales&nbsp;de&nbsp;1815&nbsp;a&nbsp;1855\u00bb,&nbsp;en&nbsp;INSTITUTO&nbsp;HIST\u00d3RICO&nbsp;SALESIANO,&nbsp;<em>Fuentes&nbsp;Salesianas.Don Bosco y&nbsp;su obra<\/em>,&nbsp;Editorial CCS,&nbsp;2015, 1061-1063<\/p>\n\n\n\n<p class=\"wp-block-paragraph\"><a href=\"applewebdata:\/\/2EC5F4C8-595B-4CBD-9FF9-51D194470608#_ednref4\"><sup>[IV]<\/sup><\/a>&nbsp;\u00abMemorias del Oratorio de san Francisco de Sales de 1815 a 1855\u00bb, 1058, citado en BOZZOLO, ANDREA&nbsp;(coord..),&nbsp;<em>I sogni&nbsp;di&nbsp;don Bosco, o.c.,&nbsp;<\/em>215.<\/p>\n\n\n\n<p class=\"wp-block-paragraph\"><a href=\"applewebdata:\/\/2EC5F4C8-595B-4CBD-9FF9-51D194470608#_ednref5\"><sup>[V]<\/sup><\/a>&nbsp;Cf.&nbsp;BOZZOLO,&nbsp;ANDREA&nbsp;(coord..),&nbsp;<em>o.c.,&nbsp;<\/em>214-215.<\/p>\n\n\n\n<p class=\"wp-block-paragraph\"><a href=\"applewebdata:\/\/2EC5F4C8-595B-4CBD-9FF9-51D194470608#_ednref6\"><sup>[VI]<\/sup><\/a>&nbsp;BRAIDO, PIETRO,&nbsp;<em>Scrivere<\/em><em>&nbsp;<\/em><em>\u201cmemorie\u201d<\/em><em>&nbsp;del&nbsp;futuro,&nbsp;<\/em>RSS&nbsp;11&nbsp;(1992) 97-127,&nbsp;en&nbsp;BOZZOLO,&nbsp;ANDREA&nbsp;(coord.),&nbsp;<em>o.c.,&nbsp;<\/em>215.<\/p>\n\n\n\n<p class=\"wp-block-paragraph\"><a href=\"applewebdata:\/\/2EC5F4C8-595B-4CBD-9FF9-51D194470608#_ednref7\"><sup>[VII]<\/sup><\/a>&nbsp;BOZZOLO,&nbsp;ANDREA&nbsp;(coord..),&nbsp;<em>o.c.,&nbsp;<\/em>216.<\/p>\n\n\n\n<p class=\"wp-block-paragraph\"><a href=\"applewebdata:\/\/2EC5F4C8-595B-4CBD-9FF9-51D194470608#_ednref8\"><sup>[VIII]<\/sup><\/a>&nbsp;Cf.&nbsp;BOZZOLO,&nbsp;ANDREA&nbsp;(coord..),&nbsp;<em>o.c.,<\/em><em>&nbsp;<\/em>251-268.<\/p>\n","protected":false},"excerpt":{"rendered":"<p>Un&nbsp;coraz\u00f3n&nbsp;que&nbsp;transforma&nbsp;los&nbsp;\u2018lobos\u2019&nbsp;en&nbsp;\u2018corderos\u2019 Se cumplen, en este a\u00f1o 2024, los 200 a\u00f1os del momento en el que Juanito&nbsp;Bosco,&nbsp;nuestro&nbsp;Don&nbsp;Bosco,&nbsp;tuvo&nbsp;elsue\u00f1o&nbsp;conocido&nbsp;de&nbsp;modo&nbsp;muy&nbsp;familiar&nbsp;en&nbsp;toda&nbsp;la&nbsp;Familia&nbsp;Salesiana del&nbsp;mundo&nbsp;como&nbsp;el sue\u00f1o de los nueve a\u00f1os.&nbsp;Y me parece que&nbsp;esta efem\u00e9ride de los 200 a\u00f1os de un sue\u00f1o que \u00abcondicion\u00f3, en todo, el modo de&nbsp;vivir y de pensar deDon Bosco. Y, en particular, el modo de sentir la presencia de&nbsp;Dios&nbsp;en&nbsp;la&nbsp;vida&nbsp;de&nbsp;cada&nbsp;uno&nbsp;y&nbsp;en&nbsp;la&nbsp;historia&nbsp;delmundo\u00bb1[I],&nbsp;merece&nbsp;ser&nbsp;el&nbsp;argumento&nbsp;central&nbsp;del&nbsp;Aguinaldo&nbsp;de&nbsp;este&nbsp;a\u00f1o,&nbsp;y&nbsp;el&nbsp;tema&nbsp;que,&nbsp;en&nbsp;toda&nbsp;la&nbsp;FamiliaSalesiana,&nbsp;va&nbsp;a&nbsp;orientar&nbsp;tanto&nbsp;el&nbsp;a\u00f1o [&hellip;]<\/p>\n","protected":false},"author":1,"featured_media":0,"comment_status":"open","ping_status":"open","sticky":false,"template":"","format":"standard","meta":{"pagelayer_contact_templates":[],"_pagelayer_content":"","footnotes":""},"categories":[14],"tags":[15,16,17,18,19],"class_list":["post-167","post","type-post","status-publish","format-standard","hentry","category-aguinaldo","tag-aguinaldo","tag-aguinaldo-2024","tag-don-bosco","tag-sonar","tag-sueno-de-los-nueve-anos"],"_links":{"self":[{"href":"https:\/\/csalesianosgdl.mx\/web\/revolucion\/wp-json\/wp\/v2\/posts\/167","targetHints":{"allow":["GET"]}}],"collection":[{"href":"https:\/\/csalesianosgdl.mx\/web\/revolucion\/wp-json\/wp\/v2\/posts"}],"about":[{"href":"https:\/\/csalesianosgdl.mx\/web\/revolucion\/wp-json\/wp\/v2\/types\/post"}],"author":[{"embeddable":true,"href":"https:\/\/csalesianosgdl.mx\/web\/revolucion\/wp-json\/wp\/v2\/users\/1"}],"replies":[{"embeddable":true,"href":"https:\/\/csalesianosgdl.mx\/web\/revolucion\/wp-json\/wp\/v2\/comments?post=167"}],"version-history":[{"count":2,"href":"https:\/\/csalesianosgdl.mx\/web\/revolucion\/wp-json\/wp\/v2\/posts\/167\/revisions"}],"predecessor-version":[{"id":171,"href":"https:\/\/csalesianosgdl.mx\/web\/revolucion\/wp-json\/wp\/v2\/posts\/167\/revisions\/171"}],"wp:attachment":[{"href":"https:\/\/csalesianosgdl.mx\/web\/revolucion\/wp-json\/wp\/v2\/media?parent=167"}],"wp:term":[{"taxonomy":"category","embeddable":true,"href":"https:\/\/csalesianosgdl.mx\/web\/revolucion\/wp-json\/wp\/v2\/categories?post=167"},{"taxonomy":"post_tag","embeddable":true,"href":"https:\/\/csalesianosgdl.mx\/web\/revolucion\/wp-json\/wp\/v2\/tags?post=167"}],"curies":[{"name":"wp","href":"https:\/\/api.w.org\/{rel}","templated":true}]}}